{"id":259,"date":"2026-08-28T08:13:06","date_gmt":"2026-08-28T08:13:06","guid":{"rendered":"https:\/\/ideo-energies.fr\/?p=259"},"modified":"2026-08-28T08:13:06","modified_gmt":"2026-08-28T08:13:06","slug":"mobilite-urbaine-donnees-multimodal","status":"publish","type":"post","link":"https:\/\/ideo-energies.fr\/index.php\/2026\/08\/28\/mobilite-urbaine-donnees-multimodal\/","title":{"rendered":"Mobilit\u00e9 urbaine et donn\u00e9es: d\u00e9carboner les trajets avec le multimodal"},"content":{"rendered":"<p>Dans les villes qui veulent r\u00e9duire l&#8217;empreinte carbone, orchestrer les modes de d\u00e9placement et les livraisons en s&rsquo;appuyant sur les donn\u00e9es en temps r\u00e9el devient une \u00e9vidence. L&rsquo;enjeu n&rsquo;est pas seulement technique: c&rsquo;est une mani\u00e8re de r\u00e9inventer les trajets quotidiens. En combinant bus, tram, v\u00e9lo, covoiturage et services de micro-mobilit\u00e9, tout en anticipant les fen\u00eatres de livraison, on peut gagner du temps et r\u00e9duire les \u00e9missions sans sacrifier le confort. Les choix deviennent transparents et adaptables \u00e0 chaque profil d&rsquo;utilisateur.<\/p>\n<p>Pour passer \u00e0 l&rsquo;action, il faut des donn\u00e9es propres et des mod\u00e8les simples: disponibilit\u00e9 et co\u00fbt des modes, temps de parcours variables, estimation des \u00e9missions par segment, et sc\u00e9narios qui favorisent le multimodal. Une bonne planification commence par une cartographie des options, suivie d&rsquo;un test des combinaisons les plus efficaces selon le profil utilisateur (temps, budget, accessibilit\u00e9). Les villes et les entreprises peuvent piloter ces sc\u00e9narios avec des plateformes qui croisent trafic, m\u00e9t\u00e9o et livraisons, et ajuster les choix en temps r\u00e9el.<\/p>\n<p>Concr\u00e8tement, cela se traduit par des recommandations en temps r\u00e9el et des itin\u00e9raires qui s&rsquo;ajustent au moment o\u00f9 vous partez. En associant m\u00e9tro, bus, v\u00e9lo et services de covoiturage, on r\u00e9duit les temps d&rsquo;attente et les distances parcourues, tout en limitant les \u00e9missions. Les donn\u00e9es alimentent aussi les pr\u00e9f\u00e9rences: climat, accessibilit\u00e9, et budget, pour proposer des options performantes m\u00eame lors d&rsquo;incidents qui perturbent le trafic.<\/p>\n<p>Pour les trajets domicile-travail et les flux de livraisons, le multimodal devient une plateforme de d\u00e9cision qui conjugue rapidit\u00e9 et responsabilit\u00e9. Cela permet de lisser les pics, d&rsquo;\u00e9viter les congestions et d&rsquo;am\u00e9liorer les co\u00fbts \u00e9nerg\u00e9tiques \u00e0 l&rsquo;\u00e9chelle urbaine. Les acteurs publics et priv\u00e9s peuvent tester des sc\u00e9narios op\u00e9rationnels et mesurer les gains en temps et en empreinte carbone.<\/p>\n<p>Pour voir des exemples concrets, consultez les articles ci-dessous: <a href=\"https:\/\/ideo-energies.fr\/?p=102\">Mobilit\u00e9 urbaine d\u00e9carbon\u00e9e : cas concret et leviers du multimodal<\/a> et <a href=\"https:\/\/ideo-energies.fr\/?p=165\">Cas concret: coordonner d\u00e9placements domicile-travail et livraisons en ville pour d\u00e9carboner la mobilit\u00e9<\/a>.<\/p>\n","protected":false},"excerpt":{"rendered":"<p>Allier donn\u00e9es et multimodal pour d\u00e9carboner les trajets urbains tout en gagnant du temps.<\/p>\n","protected":false},"author":2,"featured_media":0,"comment_status":"closed","ping_status":"closed","sticky":false,"template":"","format":"standard","meta":{"_kad_post_transparent":"","_kad_post_title":"","_kad_post_layout":"","_kad_post_sidebar_id":"","_kad_post_content_style":"","_kad_post_vertical_padding":"","_kad_post_feature":"","_kad_post_feature_position":"","_kad_post_header":false,"_kad_post_footer":false,"footnotes":""},"categories":[1],"tags":[],"class_list":["post-259","post","type-post","status-publish","format-standard","hentry","category-generalites"],"_links":{"self":[{"href":"https:\/\/ideo-energies.fr\/index.php\/wp-json\/wp\/v2\/posts\/259","targetHints":{"allow":["GET"]}}],"collection":[{"href":"https:\/\/ideo-energies.fr\/index.php\/wp-json\/wp\/v2\/posts"}],"about":[{"href":"https:\/\/ideo-energies.fr\/index.php\/wp-json\/wp\/v2\/types\/post"}],"author":[{"embeddable":true,"href":"https:\/\/ideo-energies.fr\/index.php\/wp-json\/wp\/v2\/users\/2"}],"replies":[{"embeddable":true,"href":"https:\/\/ideo-energies.fr\/index.php\/wp-json\/wp\/v2\/comments?post=259"}],"version-history":[{"count":1,"href":"https:\/\/ideo-energies.fr\/index.php\/wp-json\/wp\/v2\/posts\/259\/revisions"}],"predecessor-version":[{"id":261,"href":"https:\/\/ideo-energies.fr\/index.php\/wp-json\/wp\/v2\/posts\/259\/revisions\/261"}],"wp:attachment":[{"href":"https:\/\/ideo-energies.fr\/index.php\/wp-json\/wp\/v2\/media?parent=259"}],"wp:term":[{"taxonomy":"category","embeddable":true,"href":"https:\/\/ideo-energies.fr\/index.php\/wp-json\/wp\/v2\/categories?post=259"},{"taxonomy":"post_tag","embeddable":true,"href":"https:\/\/ideo-energies.fr\/index.php\/wp-json\/wp\/v2\/tags?post=259"}],"curies":[{"name":"wp","href":"https:\/\/api.w.org\/{rel}","templated":true}]}}