{"id":260,"date":"2026-08-31T15:00:58","date_gmt":"2026-08-31T15:00:58","guid":{"rendered":"https:\/\/ideo-energies.fr\/?p=260"},"modified":"2026-08-31T15:00:58","modified_gmt":"2026-08-31T15:00:58","slug":"microclimats-urbains-biodiversite-espaces-verts-2","status":"publish","type":"post","link":"https:\/\/ideo-energies.fr\/index.php\/2026\/08\/31\/microclimats-urbains-biodiversite-espaces-verts-2\/","title":{"rendered":"Sols vivants et espaces verts intelligents pour r\u00e9guler le microclimat urbain et r\u00e9duire l\u2019\u00e9nergie"},"content":{"rendered":"<p>Les microclimats urbains r\u00e9sultent de l\u2019interaction entre l\u2019architecture, le sol et les pratiques v\u00e9g\u00e9tales. Les sols vivants, recouverts de strates organiques et de mati\u00e8re organique, favorisent l\u2019infiltration de l\u2019eau, stockent le carbone et stabilisent la temp\u00e9rature autour des b\u00e2timents. En milieu urbain, les espaces v\u00e9g\u00e9talis\u00e9s et les surfaces perm\u00e9ables r\u00e9duisent les pics de chaleur et les consommations li\u00e9es \u00e0 la climatisation. Cette approche ne requiert pas d\u2019investissement gigantesque, mais une int\u00e9gration harmonis\u00e9e dans rues, places et toitures, en privil\u00e9giant des textures et des essences adapt\u00e9es au contexte local.<\/p>\n<p>Adopter des gestes simples \u2014 sols vivants, toitures v\u00e9g\u00e9tales, jardini\u00e8res filtrantes, haies et prairies \u2014 peut d\u00e9j\u00e0 mod\u00e9rer les variations de temp\u00e9rature entre l\u2019ombre et le soleil. La planification doit favoriser la diversit\u00e9 fonctionnelle: ombrage, r\u00e9tention d\u2019eau, habitat pour la faune et production locale. \u00c0 l\u2019\u00e9chelle des quartiers, ces choix am\u00e9liorent la qualit\u00e9 de l\u2019air, la s\u00e9curit\u00e9 et le confort, tout en diminuant l\u2019\u00e9nergie n\u00e9cessaire au chauffage et \u00e0 la climatisation. Des retours d\u2019exp\u00e9rience montrent que des interventions modestes peuvent amplifier le bien\u2011\u00eatre urbain tout en pr\u00e9servant les ressources.<\/p>\n<p>Concr\u00e8tement, les sols vivants peuvent \u00eatre con\u00e7us comme des couches successives: une base perm\u00e9able, une couche de substrat et une couverture v\u00e9g\u00e9tale adapt\u00e9e \u00e0 l\u2019usage. Dans les espaces publics, des bandes d\u2019ombre et des poches de fra\u00eecheur v\u00e9g\u00e9talis\u00e9es diminuent les besoins \u00e9nerg\u00e9tiques des b\u00e2timents et offrent des refuges pour la faune locale. Les surfaces en contact direct avec le sol, telles que les pavages perm\u00e9ables et les sols structure lorsqu\u2019ils bordent des zones pi\u00e9tonnes, favorisent l\u2019infiltration et r\u00e9duisent l\u2019effet \u00eelot de chaleur urbain. Les toitures et murs v\u00e9g\u00e9talis\u00e9s compl\u00e8tent ce dispositif en am\u00e9liorant la r\u00e9gulation thermique, la qualit\u00e9 de l\u2019air et l\u2019esth\u00e9tique, tout en renfor\u00e7ant le sentiment de confort et de s\u00e9curit\u00e9 pour les habitants.<\/p>\n<p>Pour aller plus loin, ces ressources sp\u00e9cialis\u00e9es montrent comment mettre en \u0153uvre les gestes du quotidien et \u00e9valuer leur efficacit\u00e9. Par exemple, <a href='https:\/\/ideo-energies.fr\/?p=97'>Biodiversit\u00e9 urbaine et microclimat : r\u00e9gulation naturelle en ville et design d&rsquo;espaces<\/a> et <a href='https:\/\/ideo-energies.fr\/?p=110'>\u00c9cologie urbaine et architecture vivante : r\u00e9guler le microclimat et r\u00e9duire l\u2019\u00e9nergie par des espaces verts intelligents<\/a> apportent des m\u00e9thodes et des indicateurs simples. Int\u00e9grer ces approches dans les projets urbains favorise la r\u00e9silience, la sobri\u00e9t\u00e9 \u00e9nerg\u00e9tique et la qualit\u00e9 de vie sans sacrifier la biodiversit\u00e9.<\/p>\n","protected":false},"excerpt":{"rendered":"<p>Sols vivants et espaces verts intelligents pour moduler le microclimat urbain et r\u00e9duire l\u2019\u00e9nergie, avec des gestes simples et pragmatiques.<\/p>\n","protected":false},"author":2,"featured_media":0,"comment_status":"closed","ping_status":"closed","sticky":false,"template":"","format":"standard","meta":{"_kad_post_transparent":"","_kad_post_title":"","_kad_post_layout":"","_kad_post_sidebar_id":"","_kad_post_content_style":"","_kad_post_vertical_padding":"","_kad_post_feature":"","_kad_post_feature_position":"","_kad_post_header":false,"_kad_post_footer":false,"footnotes":""},"categories":[1],"tags":[],"class_list":["post-260","post","type-post","status-publish","format-standard","hentry","category-generalites"],"_links":{"self":[{"href":"https:\/\/ideo-energies.fr\/index.php\/wp-json\/wp\/v2\/posts\/260","targetHints":{"allow":["GET"]}}],"collection":[{"href":"https:\/\/ideo-energies.fr\/index.php\/wp-json\/wp\/v2\/posts"}],"about":[{"href":"https:\/\/ideo-energies.fr\/index.php\/wp-json\/wp\/v2\/types\/post"}],"author":[{"embeddable":true,"href":"https:\/\/ideo-energies.fr\/index.php\/wp-json\/wp\/v2\/users\/2"}],"replies":[{"embeddable":true,"href":"https:\/\/ideo-energies.fr\/index.php\/wp-json\/wp\/v2\/comments?post=260"}],"version-history":[{"count":1,"href":"https:\/\/ideo-energies.fr\/index.php\/wp-json\/wp\/v2\/posts\/260\/revisions"}],"predecessor-version":[{"id":266,"href":"https:\/\/ideo-energies.fr\/index.php\/wp-json\/wp\/v2\/posts\/260\/revisions\/266"}],"wp:attachment":[{"href":"https:\/\/ideo-energies.fr\/index.php\/wp-json\/wp\/v2\/media?parent=260"}],"wp:term":[{"taxonomy":"category","embeddable":true,"href":"https:\/\/ideo-energies.fr\/index.php\/wp-json\/wp\/v2\/categories?post=260"},{"taxonomy":"post_tag","embeddable":true,"href":"https:\/\/ideo-energies.fr\/index.php\/wp-json\/wp\/v2\/tags?post=260"}],"curies":[{"name":"wp","href":"https:\/\/api.w.org\/{rel}","templated":true}]}}