{"id":267,"date":"2026-09-01T17:53:06","date_gmt":"2026-09-01T17:53:06","guid":{"rendered":"https:\/\/ideo-energies.fr\/?p=267"},"modified":"2026-09-01T17:53:06","modified_gmt":"2026-09-01T17:53:06","slug":"sols-vivants-microclimats-urbains","status":"publish","type":"post","link":"https:\/\/ideo-energies.fr\/index.php\/2026\/09\/01\/sols-vivants-microclimats-urbains\/","title":{"rendered":"Sols vivants et microclimats urbains : r\u00e9guler l&rsquo;\u00e9nergie et le confort en ville"},"content":{"rendered":"<p>Les sols vivants \u2014 couches de terre et organismes qui les peuplent \u2014 jouent un r\u00f4le cl\u00e9 dans le contr\u00f4le du microclimat urbain. Leur capacit\u00e9 \u00e0 absorber l&rsquo;eau, \u00e0 favoriser l&rsquo;infiltration et \u00e0 soutenir des communaut\u00e9s biologiques r\u00e9duit les pics de temp\u00e9rature dans les rues asphalt\u00e9es et contribue \u00e0 diminuer les besoins de climatisation des b\u00e2timents voisins. Sur le plan pratique, des sols plus riches et des surfaces perm\u00e9ables autour des espaces pi\u00e9tonniers et des places transforment des zones sensibles en lieux plus agr\u00e9ables, tout en retenant les poussi\u00e8res et en am\u00e9liorant la qualit\u00e9 de l&rsquo;air. Pour approfondir les liens entre biodiversit\u00e9 et microclimat, consultez <a href=\"https:\/\/eknews.info\/?p=216\">voir ici<\/a>.<\/p>\n<p>Conception et gestion des sols vivants n\u00e9cessitent une approche int\u00e9gr\u00e9e, m\u00ealant choix de substrats, v\u00e9g\u00e9tation adapt\u00e9e au climat local et gestion hydrique. En pratique, privil\u00e9gier des substrats riches en mati\u00e8re organique, des couches de drainage efficaces et des plantes adapt\u00e9es \u00e0 l&rsquo;ombre peut am\u00e9liorer la r\u00e9tention d&rsquo;eau et diminuer les \u00e9carts de temp\u00e9rature sur 24 heures. L&rsquo;installation de jardins de pluie et de zones de r\u00e9cup\u00e9ration des eaux pluviales autour des espaces urbains permet de r\u00e9duire l&rsquo;irrigation et de moduler les charges thermiques des b\u00e2timents voisins. Les toitures et murs v\u00e9g\u00e9talis\u00e9s ne sont pas de simples \u00e9l\u00e9ments esth\u00e9tiques: ils constituent des r\u00e9servoirs thermiques qui absorbent la chaleur diurne et la restituent lentement, contribuant \u00e0 des charges \u00e9nerg\u00e9tiques plus stables. Favoriser la biodiversit\u00e9 locale et la connectivit\u00e9 des espaces verts renforce aussi les services \u00e9cosyst\u00e9miques et la r\u00e9silience urbaine tout en limitant les co\u00fbts \u00e9nerg\u00e9tiques. Des gestes concrets \u2014 r\u00e9utilisation des eaux pluviales, sols perm\u00e9ables et extension des surfaces v\u00e9g\u00e9talis\u00e9es \u2014 peuvent \u00eatre mis en \u0153uvre sans bouleverser le cadre urbain et apportent des b\u00e9n\u00e9fices directs au confort thermique et \u00e0 la qualit\u00e9 de l&rsquo;air.<\/p>\n","protected":false},"excerpt":{"rendered":"<p>Sols vivants et microclimats urbains: comment les espaces v\u00e9g\u00e9talis\u00e9s et les sols perm\u00e9ables apaisent le climat et r\u00e9duisent l&rsquo;\u00e9nergie en ville.<\/p>\n","protected":false},"author":2,"featured_media":0,"comment_status":"closed","ping_status":"closed","sticky":false,"template":"","format":"standard","meta":{"_kad_post_transparent":"","_kad_post_title":"","_kad_post_layout":"","_kad_post_sidebar_id":"","_kad_post_content_style":"","_kad_post_vertical_padding":"","_kad_post_feature":"","_kad_post_feature_position":"","_kad_post_header":false,"_kad_post_footer":false,"footnotes":""},"categories":[1],"tags":[],"class_list":["post-267","post","type-post","status-publish","format-standard","hentry","category-generalites"],"_links":{"self":[{"href":"https:\/\/ideo-energies.fr\/index.php\/wp-json\/wp\/v2\/posts\/267","targetHints":{"allow":["GET"]}}],"collection":[{"href":"https:\/\/ideo-energies.fr\/index.php\/wp-json\/wp\/v2\/posts"}],"about":[{"href":"https:\/\/ideo-energies.fr\/index.php\/wp-json\/wp\/v2\/types\/post"}],"author":[{"embeddable":true,"href":"https:\/\/ideo-energies.fr\/index.php\/wp-json\/wp\/v2\/users\/2"}],"replies":[{"embeddable":true,"href":"https:\/\/ideo-energies.fr\/index.php\/wp-json\/wp\/v2\/comments?post=267"}],"version-history":[{"count":1,"href":"https:\/\/ideo-energies.fr\/index.php\/wp-json\/wp\/v2\/posts\/267\/revisions"}],"predecessor-version":[{"id":269,"href":"https:\/\/ideo-energies.fr\/index.php\/wp-json\/wp\/v2\/posts\/267\/revisions\/269"}],"wp:attachment":[{"href":"https:\/\/ideo-energies.fr\/index.php\/wp-json\/wp\/v2\/media?parent=267"}],"wp:term":[{"taxonomy":"category","embeddable":true,"href":"https:\/\/ideo-energies.fr\/index.php\/wp-json\/wp\/v2\/categories?post=267"},{"taxonomy":"post_tag","embeddable":true,"href":"https:\/\/ideo-energies.fr\/index.php\/wp-json\/wp\/v2\/tags?post=267"}],"curies":[{"name":"wp","href":"https:\/\/api.w.org\/{rel}","templated":true}]}}